{"id":2597,"date":"2016-04-28T12:22:27","date_gmt":"2016-04-28T15:22:27","guid":{"rendered":"https:\/\/www.encontrospet.com.br\/blog\/?p=2597"},"modified":"2016-04-28T12:22:27","modified_gmt":"2016-04-28T15:22:27","slug":"cachorro-mastim-dos-pirineus","status":"publish","type":"post","link":"https:\/\/www.encontrospet.com.br\/blog\/cachorro-mastim-dos-pirineus\/","title":{"rendered":"Cachorro Mastim dos Pirin\u00e9us"},"content":{"rendered":"<h2>O cachorro Mastim dos Pirin\u00e9us\u00a0(em\u00a0espanhol:\u00a0Mast\u00edn del Pirineo), tamb\u00e9m conhecido\u00a0como\u00a0Mastin d&#8217;Argon, \u00e9 uma ra\u00e7a descendente direta dos Mastins brancos, e\u00a0Mastins espanh\u00f3is de pelo claro. Usados para guardar os rebanhos, usavam\u00a0coleiras grossas com pontas de ferro para protegerem-se dos\u00a0lobos. Ao longo\u00a0dos anos, os cruzamentos seletivos transformaram estes cachorros, que podem\u00a0atingir os 75\u00a0kg, em animais de companhia para donos experientes no trato\u00a0com cachorros, apesar de o adestramento ser dito dif\u00edcil.<\/h2>\n<h2><a href=\"https:\/\/www.encontrospet.com.br\/blog\"><img loading=\"lazy\" decoding=\"async\" class=\"aligncenter wp-image-5498 size-full\" src=\"https:\/\/www.encontrospet.com.br\/blog\/wp-content\/uploads\/2016\/04\/Mastim-dos-Pirineus.jpg\" alt=\"Mastim-dos-Pirineus\" width=\"794\" height=\"368\" \/><\/a><\/h2>\n<ul class=\"menu-guia-racas\">\n<li><a href=\"#origem\">Origem<\/a><\/li>\n<li><a href=\"#caracteristicas\">Caracteristicas<\/a><\/li>\n<li><a href=\"#temperamento\">Temperamento<\/a><\/li>\n<li><a href=\"#curiosidades\">Curiosidades<\/a><\/li>\n<li><a href=\"#dicas\">Dicas<\/a><\/li>\n<li><a href=\"#saude\">Sa\u00fade<\/a><\/li>\n<li><a href=\"#preco\">Pre\u00e7o<\/a><\/li>\n<\/ul>\n<h2><a id=\"origem\"><\/a>Origem<\/h2>\n<p>&nbsp;<\/p>\n<p>A hist\u00f3ria \u00e9 muito antiga, e a ra\u00e7a vem sido utilizada h\u00e1 milhares de anos pelos\u00a0pastores, principalmente nas regi\u00f5es em torno dos Pirin\u00e9us, no Sul da Fran\u00e7a, e\u00a0norte da Espanha. Uma das primeiras cita\u00e7\u00f5es sobre a ra\u00e7a surgiu no ano de\u00a01407, e de 1675.<\/p>\n<p>A ra\u00e7a era a favorita de Delfim Grande, e ainda outros membros da aristocracia\u00a0francesa. A partir do final do s\u00e9culo XIX houve um grande mercado para estes\u00a0cachorros em cidades de montanha, onde ele seria levado para outras partes\u00a0da Fran\u00e7a. Sendo assim desenvolvido para ser um cachorro \u00e1gil, guardador de\u00a0ovelhas, principalmente em regi\u00f5es \u00edngremes, e encostas de montanha.<\/p>\n<p>Ainda no ano de 1874 a ra\u00e7a n\u00e3o teria normalizado completamente a sua\u00a0apar\u00eancia. A do Mastim dos Pirin\u00e9us costuma ter h\u00e1bitos noturnos, sendo\u00a0bastante agressivo com todos os predadores que puderem prejudicar o seu\u00a0rebanho. Apesar disto \u00e9 uma ra\u00e7a confi\u00e1vel com pequenos animais, possui um\u00a0esp\u00edrito jovem, e desamparado, mas n\u00e3o deixa de lado seu instinto de guardi\u00e3o\u00a0natural.<\/p>\n<p><a href=\"https:\/\/www.encontrospet.com.br\"><img loading=\"lazy\" decoding=\"async\" class=\"aligncenter wp-image-5496 size-full\" src=\"https:\/\/www.encontrospet.com.br\/blog\/wp-content\/uploads\/2016\/04\/Mastim-dos-Pirineus-02.jpg\" alt=\"Mastim-dos-Pirineus-02\" width=\"794\" height=\"368\" \/><\/a><\/p>\n<h2><a id=\"caracteristicas\"><\/a>Caracter\u00edsticas<\/h2>\n<p>Seu corpo retangular, conta com um recorte magn\u00edfico, com uma vis\u00edvel\u00a0estrutura \u00f3ssea e muscular bastante possante, que poder\u00e3o denunciar a cada\u00a0cent\u00edmetro toda a sua for\u00e7a e resist\u00eancia. Existe, al\u00e9m disto, a flexibilidade e\u00a0agilidade. Suas patas s\u00e3o fortes e os p\u00e9s poder\u00e3o ser redondos, como os dos\u00a0gatos, mas com falanges potentes e sobressa\u00eddas. Seu peito dever\u00e1 ser largo, e\u00a0profundo, o dorso firme, e no geral costuma ser robusto, bastante\u00a0proporcionado e s\u00f3lido. Suas dimens\u00f5es encontram a medida do meio nas\u00a0orelhas, triangulares que caem junto a sua cabe\u00e7a, que \u00e9 moderadamente\u00a0larga, e avan\u00e7am para o tamanho S nos olhos, de recorte amendoado. Estes\u00a0costumam aparecer com um tom escuro e pequeno, poder\u00e3o, por\u00e9m adquirir\u00a0tom de avel\u00e3, e seu olhar \u00e9 nobre, sereno e confiante, bastante inteligente, e\u00a0simp\u00e1tico, quase ternurento. Esta ra\u00e7a adota quase sempre o trote em sua\u00a0caminhada onde exibe-se de forma bastante elegante, mas potente.<\/p>\n<p>Conta com um pelo que para muitos criadores \u00e9 chamado de casaco com dupla\u00a0camada de pelos, onde a primeira possui uma pelagem espessa e extrema de\u00a0fios grossos, e outra reta e ligeiramente ondulada, sempre sobre um denso\u00a0subpelo bastante lanoso. O revestimento de pelos acontece em maior n\u00famero\u00a0no pesco\u00e7o, ombros e outras partes, onde existe a forma\u00e7\u00e3o de um colar, ou\u00a0crina que \u00e9 mais acentuada nos machos, para que possa ouri\u00e7ar-se, e afastar\u00a0ataques de lobos. Seu pelo mais longo, e uma cauda em forma de pluma,\u00a0tamb\u00e9m s\u00e3o bastante caracter\u00edsticos.<\/p>\n<p>\u00c9 poss\u00edvel encontrar-se franjas na parte de tr\u00e1s das pernas da frente, e ao\u00a0longo da parte traseira das coxas, dando assim um efeito de pantalona. Os\u00a0pelos do rosto e orelhas costuma ser mais curto e de textura mais fina.\u00a0Sobre a cor de base, possui tom branco puro, a mais comum e mais desejada,\u00a0podem surgir tonalidades e marcas escuras, preto ou castanho, \u00e9 permitido\u00a0tamb\u00e9m tons de dourado ou cinzento, prata ou areia. Qualquer colora\u00e7\u00e3o que\u00a0diferir disto, dever\u00e1 ser descartado da cria\u00e7\u00e3o, apesar disto, o cachorro n\u00e3o\u00a0deixa de ser excelente para cria\u00e7\u00e3o em um lar convencional, desde que n\u00e3o\u00a0queira-se uma reprodu\u00e7\u00e3o.<\/p>\n<table style=\"height: 412px;\" width=\"493\">\n<tbody>\n<tr class=\"alt1\">\n<td class=\"caract\" width=\"22%\">Peso:<\/td>\n<td width=\"78%\">Macho e F\u00eamea de 50 kg a 70 kg<\/td>\n<\/tr>\n<tr class=\"alt\">\n<td class=\"caract\">Altura:<\/td>\n<td>Macho e F\u00eamea de 72 cm a 77 cm.<\/td>\n<\/tr>\n<tr class=\"alt1\">\n<td class=\"caract\">Grupo:<\/td>\n<td>2-C\u00e3es de tipo pinscher e schnauzer, molossoides, c\u00e3es montanheses<\/td>\n<\/tr>\n<tr class=\"alt\">\n<td class=\"caract\">Fun\u00e7\u00f5es:<\/td>\n<td>Cachorro de guarda<\/td>\n<\/tr>\n<tr class=\"alt1\">\n<td class=\"caract\">Grau de Atividade:<\/td>\n<td>Alto<\/td>\n<\/tr>\n<tr class=\"alt\">\n<td class=\"caract\">P\u00ealo:<\/td>\n<td>Espessa, densa e um pouco \u00e1spera<\/td>\n<\/tr>\n<tr class=\"alt1\">\n<td class=\"caract\">Cor:<\/td>\n<td>Branca com manchas pretas, marrom, cinza<\/td>\n<\/tr>\n<tr class=\"alt\">\n<td class=\"caract\">Nome de Origem:<\/td>\n<td>Mastim dos Pirin\u00e9us<\/td>\n<\/tr>\n<tr class=\"alt1\">\n<td class=\"caract\">Pais de Origem:<\/td>\n<td>Espanha<\/td>\n<\/tr>\n<tr class=\"alt\">\n<td class=\"caract\">Registro FCI:<\/td>\n<td>\u00a092<\/td>\n<\/tr>\n<\/tbody>\n<\/table>\n<p><a href=\"https:\/\/www.encontrospet.com.br\/blog\"><img loading=\"lazy\" decoding=\"async\" class=\"aligncenter wp-image-5495 size-full\" src=\"https:\/\/www.encontrospet.com.br\/blog\/wp-content\/uploads\/2016\/04\/Mastim-dos-Pirineus-03.jpg\" alt=\"Mastim-dos-Pirineus-03\" width=\"794\" height=\"368\" \/><\/a><\/p>\n<h2>\u00a0<a id=\"temperamento\" style=\"font-size: 16px; line-height: 1.5;\"><\/a>Temperamento<\/h2>\n<p>Estes exemplares s\u00e3o uma esp\u00e9cie bastante confiante, e cuidadosa,\u00a0principalmente com as crian\u00e7as, sendo muito carinhoso. Pode ser lento para\u00a0aprender novos comandos, e para obedecer, al\u00e9m de ser um pouco teimoso\u00a0para treinar. Apesar de sua relativa teimosia \u00e9 muito incomum que ele torne-se\u00a0agressivo, ou ataque seu mestre.<\/p>\n<p>Seu instinto territorial deve oferecer prote\u00e7\u00e3o de seu rebanho, ou de sua fam\u00edlia\u00a0sempre que for necess\u00e1rio, apesar disto normalmente seu temperamento \u00e9\u00a0calmo e leal. \u00c9 uma ra\u00e7a que possui grande for\u00e7a de vontade, \u00e9 independente,\u00a0e reservado. Muito atento, destemido, e fiel as suas fun\u00e7\u00f5es.<\/p>\n<p>Possui um tamanho que torna-o um guardi\u00e3o imponente, e certamente ir\u00e1\u00a0patrulhar um longo per\u00edmetro certificando-se de que tudo est\u00e1 ok,\u00a0onde reside.\u00a0Protege os rebanhos com latidos, e \u00e9 por ser noturno, que late muito \u00e0 noite,\u00a0em alguns casos \u00e9 interessante ter um treinamento para evitar este\u00a0comportamento.<\/p>\n<p>\u00c9 desconfiado com estranhos, e se a pessoa n\u00e3o for permitida em sua casa, e se\u00a0ele perceber n\u00e3o ir\u00e1 deixar a pessoa ficar pr\u00f3ximo de voc\u00ea. Foi originalmente\u00a0um cachorro guiado para cria\u00e7\u00e3o de gado, e ainda pode ser encontrado fazendo\u00a0este trabalho em ranchos e fazendas.<\/p>\n<h2><a id=\"curiosidades\"><\/a>Curiosidades<\/h2>\n<p>O Mastim dos Pirin\u00e9us certamente possui grandes caracter\u00edsticas de seus\u00a0ancestrais, contando com um ladrar bastante forte, e uma express\u00e3o s\u00e9ria,\u00a0s\u00f3bria e de poucos amigos, apesar de ser extremamente amigo, e parceiro de\u00a0seus criadores.<\/p>\n<p>\u00c9 um c\u00e3o de montanha, origin\u00e1rio da regi\u00e3o dos Pirin\u00e9us, uma evolu\u00e7\u00e3o para\u00a0uma ra\u00e7a mais forte e com mais cores, apesar de anteriormente ter quase que\u00a0sido extinto. Por ordens de Rafael Magno, um grupo de agricultores trouxe a\u00a0ra\u00e7a novamente para os criadores em grande n\u00famero. A ra\u00e7a reapareceu nos\u00a0anos 70, e por causa deles podemos contar com uma ra\u00e7a reinserida na\u00a0Europa.<\/p>\n<h2>Dicas<\/h2>\n<p>Por ter um porte avantajado, possui uma apar\u00eancia imponente al\u00e9m de grande\u00a0agilidade, \u00e9 utilizado em atividades de guarda, apresentando muitas vezes uma\u00a0devo\u00e7\u00e3o extrema ao seu propriet\u00e1rio, sendo considerado excelente para\u00a0companhia. Est\u00e1 sempre atento e patrulhando seu territ\u00f3rio, impondo respeito\u00a0apenas por seu olhar. Sabe discernir muito bem, o bem do mal, e o certo do\u00a0errado, o que torna-o muito inteligente, apesar de sua origem ser bastante\u00a0antiga. Costuma pastorear muito bem ovelhas e outros animais.<\/p>\n<p>Quando \u00e9 domesticado, necessita escov\u00e1-lo uma ou duas vezes por semana, ir\u00e1\u00a0precisar inclusive de exerc\u00edcios moderados, e tende a ser um pouco pregui\u00e7oso\u00a0principalmente em dias quentes. Gostam de frio e neve, como algumas ra\u00e7as\u00a0similares, alguns tentem a babar muito principalmente ap\u00f3s realizar exerc\u00edcios.<\/p>\n<p><a href=\"https:\/\/www.encontrospet.com.br\"><img loading=\"lazy\" decoding=\"async\" class=\"aligncenter wp-image-5493 size-full\" src=\"https:\/\/www.encontrospet.com.br\/blog\/wp-content\/uploads\/2016\/04\/Mastim-dos-Pirineus-04.jpg\" alt=\"Mastim-dos-Pirineus-04\" width=\"794\" height=\"368\" \/><\/a><\/p>\n<h2><a id=\"saude\"><\/a>Sa\u00fade<\/h2>\n<p>Entre as doen\u00e7as gen\u00e9ticas mais comuns da ra\u00e7a est\u00e1 a displasia de anca. Mas,\u00a0s\u00e3o normalmente saud\u00e1veis, e n\u00e3o possuem grandes problemas de sa\u00fade.\u00a0Expectativa de vida varia entre 10 anos a 12 anos.<\/p>\n<h2><a id=\"preco\"><\/a>Pre\u00e7o<\/h2>\n<p>Como o Mastim dos Pirin\u00e9us \u00e9 um cachorro raro de baixa comercializa\u00e7\u00e3o\u00a0o pre\u00e7o pode variar muito, tendo um pre\u00e7o m\u00ednimo\u00a0R$ 2.500, podendo a chegar \u00e0 R$7.000.<\/p>\n<p><a href=\"https:\/\/www.encontrospet.com.br\/blog\"><img loading=\"lazy\" decoding=\"async\" class=\"aligncenter wp-image-5497 size-full\" src=\"https:\/\/www.encontrospet.com.br\/blog\/wp-content\/uploads\/2016\/04\/Mastim-dos-Pirineus-01.jpg\" alt=\"Mastim-dos-Pirineus-01\" width=\"794\" height=\"368\" \/><\/a><\/p>\n<p><strong>Leia Tamb\u00e9m:<\/strong><\/p>\n<ul>\n<li><strong><a href=\"https:\/\/www.encontrospet.com.br\/blog\/cachorro-mastim-tibetano\/\" target=\"_blank\" rel=\"noopener\">Cachorro Mastim Tibetano<\/a><\/strong><\/li>\n<li><strong><a href=\"https:\/\/www.encontrospet.com.br\/blog\/cachorro-mastim-espanhol\/\" target=\"_blank\" rel=\"noopener\">Cachorro Mastim Espanhol<\/a><\/strong><\/li>\n<li><strong><a href=\"https:\/\/www.encontrospet.com.br\/blog\/cachorro-mastim-napolitano\/\" target=\"_blank\" rel=\"noopener\">Cachorro Mastim Napolitano<\/a><\/strong><\/li>\n<\/ul>\n","protected":false},"excerpt":{"rendered":"<p>O Mastim dos Pirin\u00e9us (em espanhol: Mast\u00edn del Pirineo), tamb\u00e9m conhecida como Mastin d&#8217;Argon, \u00e9 uma ra\u00e7a descendente direta dos Mastins brancos<\/p>\n","protected":false},"author":2,"featured_media":5498,"comment_status":"open","ping_status":"open","sticky":false,"template":"","format":"standard","meta":{"footnotes":""},"categories":[18],"tags":[20],"class_list":["post-2597","post","type-post","status-publish","format-standard","has-post-thumbnail","hentry","category-guia-de-racas","tag-guia-de-racas"],"yoast_head":"<!-- This site is optimized with the Yoast SEO plugin v24.3 - https:\/\/yoast.com\/wordpress\/plugins\/seo\/ -->\n<title>Cachorro Mastim dos Pirin\u00e9us - Encontros Pet<\/title>\n<meta name=\"robots\" content=\"index, follow, max-snippet:-1, max-image-preview:large, max-video-preview:-1\" \/>\n<link rel=\"canonical\" href=\"https:\/\/www.encontrospet.com.br\/blog\/cachorro-mastim-dos-pirineus\/\" \/>\n<meta property=\"og:locale\" content=\"pt_BR\" \/>\n<meta property=\"og:type\" content=\"article\" \/>\n<meta property=\"og:title\" content=\"Cachorro Mastim dos Pirin\u00e9us - Encontros Pet\" \/>\n<meta property=\"og:description\" content=\"O Mastim dos Pirin\u00e9us (em espanhol: Mast\u00edn del Pirineo), tamb\u00e9m conhecida como Mastin d&#039;Argon, \u00e9 uma ra\u00e7a descendente direta dos Mastins brancos\" \/>\n<meta property=\"og:url\" content=\"https:\/\/www.encontrospet.com.br\/blog\/cachorro-mastim-dos-pirineus\/\" \/>\n<meta property=\"og:site_name\" content=\"Encontros Pet\" \/>\n<meta property=\"article:publisher\" content=\"https:\/\/www.facebook.com\/portal.encontrospet\/?fref=ts\" \/>\n<meta property=\"article:published_time\" content=\"2016-04-28T15:22:27+00:00\" \/>\n<meta name=\"author\" content=\"Daniel Barbosa\" \/>\n<meta name=\"twitter:card\" content=\"summary_large_image\" \/>\n<meta name=\"twitter:label1\" content=\"Escrito por\" \/>\n\t<meta name=\"twitter:data1\" content=\"Daniel Barbosa\" \/>\n\t<meta name=\"twitter:label2\" content=\"Est. tempo de leitura\" \/>\n\t<meta name=\"twitter:data2\" content=\"6 minutos\" \/>\n<script type=\"application\/ld+json\" class=\"yoast-schema-graph\">{\"@context\":\"https:\/\/schema.org\",\"@graph\":[{\"@type\":\"Article\",\"@id\":\"https:\/\/www.encontrospet.com.br\/blog\/cachorro-mastim-dos-pirineus\/#article\",\"isPartOf\":{\"@id\":\"https:\/\/www.encontrospet.com.br\/blog\/cachorro-mastim-dos-pirineus\/\"},\"author\":{\"name\":\"Daniel Barbosa\",\"@id\":\"https:\/\/www.encontrospet.com.br\/blog\/#\/schema\/person\/d1535cbf1cb412a0189f13743e924be4\"},\"headline\":\"Cachorro Mastim dos Pirin\u00e9us\",\"datePublished\":\"2016-04-28T15:22:27+00:00\",\"dateModified\":\"2016-04-28T15:22:27+00:00\",\"mainEntityOfPage\":{\"@id\":\"https:\/\/www.encontrospet.com.br\/blog\/cachorro-mastim-dos-pirineus\/\"},\"wordCount\":1279,\"commentCount\":0,\"publisher\":{\"@id\":\"https:\/\/www.encontrospet.com.br\/blog\/#organization\"},\"image\":{\"@id\":\"https:\/\/www.encontrospet.com.br\/blog\/cachorro-mastim-dos-pirineus\/#primaryimage\"},\"thumbnailUrl\":\"\",\"keywords\":[\"Guia de Ra\u00e7as\"],\"articleSection\":[\"Guia de Ra\u00e7as\"],\"inLanguage\":\"pt-BR\",\"potentialAction\":[{\"@type\":\"CommentAction\",\"name\":\"Comment\",\"target\":[\"https:\/\/www.encontrospet.com.br\/blog\/cachorro-mastim-dos-pirineus\/#respond\"]}]},{\"@type\":\"WebPage\",\"@id\":\"https:\/\/www.encontrospet.com.br\/blog\/cachorro-mastim-dos-pirineus\/\",\"url\":\"https:\/\/www.encontrospet.com.br\/blog\/cachorro-mastim-dos-pirineus\/\",\"name\":\"Cachorro Mastim dos Pirin\u00e9us - Encontros Pet\",\"isPartOf\":{\"@id\":\"https:\/\/www.encontrospet.com.br\/blog\/#website\"},\"primaryImageOfPage\":{\"@id\":\"https:\/\/www.encontrospet.com.br\/blog\/cachorro-mastim-dos-pirineus\/#primaryimage\"},\"image\":{\"@id\":\"https:\/\/www.encontrospet.com.br\/blog\/cachorro-mastim-dos-pirineus\/#primaryimage\"},\"thumbnailUrl\":\"\",\"datePublished\":\"2016-04-28T15:22:27+00:00\",\"dateModified\":\"2016-04-28T15:22:27+00:00\",\"breadcrumb\":{\"@id\":\"https:\/\/www.encontrospet.com.br\/blog\/cachorro-mastim-dos-pirineus\/#breadcrumb\"},\"inLanguage\":\"pt-BR\",\"potentialAction\":[{\"@type\":\"ReadAction\",\"target\":[\"https:\/\/www.encontrospet.com.br\/blog\/cachorro-mastim-dos-pirineus\/\"]}]},{\"@type\":\"ImageObject\",\"inLanguage\":\"pt-BR\",\"@id\":\"https:\/\/www.encontrospet.com.br\/blog\/cachorro-mastim-dos-pirineus\/#primaryimage\",\"url\":\"\",\"contentUrl\":\"\"},{\"@type\":\"BreadcrumbList\",\"@id\":\"https:\/\/www.encontrospet.com.br\/blog\/cachorro-mastim-dos-pirineus\/#breadcrumb\",\"itemListElement\":[{\"@type\":\"ListItem\",\"position\":1,\"name\":\"Home\",\"item\":\"https:\/\/www.encontrospet.com.br\/blog\/\"},{\"@type\":\"ListItem\",\"position\":2,\"name\":\"Cachorro Mastim dos Pirin\u00e9us\"}]},{\"@type\":\"WebSite\",\"@id\":\"https:\/\/www.encontrospet.com.br\/blog\/#website\",\"url\":\"https:\/\/www.encontrospet.com.br\/blog\/\",\"name\":\"Encontros Pet\",\"description\":\"Blog do site Encontros Pet, onde voc\u00ea encontra tudo para seu animal de estima\u00e7\u00e3o, guia de ra\u00e7as de cachorros, dicas, sa\u00fade e informa\u00e7\u00e3o sobre cachorros, gatos e outros animais.\",\"publisher\":{\"@id\":\"https:\/\/www.encontrospet.com.br\/blog\/#organization\"},\"potentialAction\":[{\"@type\":\"SearchAction\",\"target\":{\"@type\":\"EntryPoint\",\"urlTemplate\":\"https:\/\/www.encontrospet.com.br\/blog\/?s={search_term_string}\"},\"query-input\":{\"@type\":\"PropertyValueSpecification\",\"valueRequired\":true,\"valueName\":\"search_term_string\"}}],\"inLanguage\":\"pt-BR\"},{\"@type\":\"Organization\",\"@id\":\"https:\/\/www.encontrospet.com.br\/blog\/#organization\",\"name\":\"Encontros Pet\",\"url\":\"https:\/\/www.encontrospet.com.br\/blog\/\",\"logo\":{\"@type\":\"ImageObject\",\"inLanguage\":\"pt-BR\",\"@id\":\"https:\/\/www.encontrospet.com.br\/blog\/#\/schema\/logo\/image\/\",\"url\":\"https:\/\/www.encontrospet.com.br\/blog\/wp-content\/uploads\/2023\/03\/iconEP.svg\",\"contentUrl\":\"https:\/\/www.encontrospet.com.br\/blog\/wp-content\/uploads\/2023\/03\/iconEP.svg\",\"width\":\"1024\",\"height\":\"1024\",\"caption\":\"Encontros Pet\"},\"image\":{\"@id\":\"https:\/\/www.encontrospet.com.br\/blog\/#\/schema\/logo\/image\/\"},\"sameAs\":[\"https:\/\/www.facebook.com\/portal.encontrospet\/?fref=ts\",\"https:\/\/www.instagram.com\/encontrospet\/\"]},{\"@type\":\"Person\",\"@id\":\"https:\/\/www.encontrospet.com.br\/blog\/#\/schema\/person\/d1535cbf1cb412a0189f13743e924be4\",\"name\":\"Daniel Barbosa\",\"image\":{\"@type\":\"ImageObject\",\"inLanguage\":\"pt-BR\",\"@id\":\"https:\/\/www.encontrospet.com.br\/blog\/#\/schema\/person\/image\/\",\"url\":\"https:\/\/secure.gravatar.com\/avatar\/cc323e33e672f51e3d161d2bf02c91a4cc108a2dcfb7183406eefb31f9d5c7f4?s=96&d=mm&r=g\",\"contentUrl\":\"https:\/\/secure.gravatar.com\/avatar\/cc323e33e672f51e3d161d2bf02c91a4cc108a2dcfb7183406eefb31f9d5c7f4?s=96&d=mm&r=g\",\"caption\":\"Daniel Barbosa\"},\"url\":\"https:\/\/www.encontrospet.com.br\/blog\/author\/daniel\/\"}]}<\/script>\n<!-- \/ Yoast SEO plugin. -->","yoast_head_json":{"title":"Cachorro Mastim dos Pirin\u00e9us - Encontros Pet","robots":{"index":"index","follow":"follow","max-snippet":"max-snippet:-1","max-image-preview":"max-image-preview:large","max-video-preview":"max-video-preview:-1"},"canonical":"https:\/\/www.encontrospet.com.br\/blog\/cachorro-mastim-dos-pirineus\/","og_locale":"pt_BR","og_type":"article","og_title":"Cachorro Mastim dos Pirin\u00e9us - Encontros Pet","og_description":"O Mastim dos Pirin\u00e9us (em espanhol: Mast\u00edn del Pirineo), tamb\u00e9m conhecida como Mastin d'Argon, \u00e9 uma ra\u00e7a descendente direta dos Mastins brancos","og_url":"https:\/\/www.encontrospet.com.br\/blog\/cachorro-mastim-dos-pirineus\/","og_site_name":"Encontros Pet","article_publisher":"https:\/\/www.facebook.com\/portal.encontrospet\/?fref=ts","article_published_time":"2016-04-28T15:22:27+00:00","author":"Daniel Barbosa","twitter_card":"summary_large_image","twitter_misc":{"Escrito por":"Daniel Barbosa","Est. tempo de leitura":"6 minutos"},"schema":{"@context":"https:\/\/schema.org","@graph":[{"@type":"Article","@id":"https:\/\/www.encontrospet.com.br\/blog\/cachorro-mastim-dos-pirineus\/#article","isPartOf":{"@id":"https:\/\/www.encontrospet.com.br\/blog\/cachorro-mastim-dos-pirineus\/"},"author":{"name":"Daniel Barbosa","@id":"https:\/\/www.encontrospet.com.br\/blog\/#\/schema\/person\/d1535cbf1cb412a0189f13743e924be4"},"headline":"Cachorro Mastim dos Pirin\u00e9us","datePublished":"2016-04-28T15:22:27+00:00","dateModified":"2016-04-28T15:22:27+00:00","mainEntityOfPage":{"@id":"https:\/\/www.encontrospet.com.br\/blog\/cachorro-mastim-dos-pirineus\/"},"wordCount":1279,"commentCount":0,"publisher":{"@id":"https:\/\/www.encontrospet.com.br\/blog\/#organization"},"image":{"@id":"https:\/\/www.encontrospet.com.br\/blog\/cachorro-mastim-dos-pirineus\/#primaryimage"},"thumbnailUrl":"","keywords":["Guia de Ra\u00e7as"],"articleSection":["Guia de Ra\u00e7as"],"inLanguage":"pt-BR","potentialAction":[{"@type":"CommentAction","name":"Comment","target":["https:\/\/www.encontrospet.com.br\/blog\/cachorro-mastim-dos-pirineus\/#respond"]}]},{"@type":"WebPage","@id":"https:\/\/www.encontrospet.com.br\/blog\/cachorro-mastim-dos-pirineus\/","url":"https:\/\/www.encontrospet.com.br\/blog\/cachorro-mastim-dos-pirineus\/","name":"Cachorro Mastim dos Pirin\u00e9us - Encontros Pet","isPartOf":{"@id":"https:\/\/www.encontrospet.com.br\/blog\/#website"},"primaryImageOfPage":{"@id":"https:\/\/www.encontrospet.com.br\/blog\/cachorro-mastim-dos-pirineus\/#primaryimage"},"image":{"@id":"https:\/\/www.encontrospet.com.br\/blog\/cachorro-mastim-dos-pirineus\/#primaryimage"},"thumbnailUrl":"","datePublished":"2016-04-28T15:22:27+00:00","dateModified":"2016-04-28T15:22:27+00:00","breadcrumb":{"@id":"https:\/\/www.encontrospet.com.br\/blog\/cachorro-mastim-dos-pirineus\/#breadcrumb"},"inLanguage":"pt-BR","potentialAction":[{"@type":"ReadAction","target":["https:\/\/www.encontrospet.com.br\/blog\/cachorro-mastim-dos-pirineus\/"]}]},{"@type":"ImageObject","inLanguage":"pt-BR","@id":"https:\/\/www.encontrospet.com.br\/blog\/cachorro-mastim-dos-pirineus\/#primaryimage","url":"","contentUrl":""},{"@type":"BreadcrumbList","@id":"https:\/\/www.encontrospet.com.br\/blog\/cachorro-mastim-dos-pirineus\/#breadcrumb","itemListElement":[{"@type":"ListItem","position":1,"name":"Home","item":"https:\/\/www.encontrospet.com.br\/blog\/"},{"@type":"ListItem","position":2,"name":"Cachorro Mastim dos Pirin\u00e9us"}]},{"@type":"WebSite","@id":"https:\/\/www.encontrospet.com.br\/blog\/#website","url":"https:\/\/www.encontrospet.com.br\/blog\/","name":"Encontros Pet","description":"Blog do site Encontros Pet, onde voc\u00ea encontra tudo para seu animal de estima\u00e7\u00e3o, guia de ra\u00e7as de cachorros, dicas, sa\u00fade e informa\u00e7\u00e3o sobre cachorros, gatos e outros animais.","publisher":{"@id":"https:\/\/www.encontrospet.com.br\/blog\/#organization"},"potentialAction":[{"@type":"SearchAction","target":{"@type":"EntryPoint","urlTemplate":"https:\/\/www.encontrospet.com.br\/blog\/?s={search_term_string}"},"query-input":{"@type":"PropertyValueSpecification","valueRequired":true,"valueName":"search_term_string"}}],"inLanguage":"pt-BR"},{"@type":"Organization","@id":"https:\/\/www.encontrospet.com.br\/blog\/#organization","name":"Encontros Pet","url":"https:\/\/www.encontrospet.com.br\/blog\/","logo":{"@type":"ImageObject","inLanguage":"pt-BR","@id":"https:\/\/www.encontrospet.com.br\/blog\/#\/schema\/logo\/image\/","url":"https:\/\/www.encontrospet.com.br\/blog\/wp-content\/uploads\/2023\/03\/iconEP.svg","contentUrl":"https:\/\/www.encontrospet.com.br\/blog\/wp-content\/uploads\/2023\/03\/iconEP.svg","width":"1024","height":"1024","caption":"Encontros Pet"},"image":{"@id":"https:\/\/www.encontrospet.com.br\/blog\/#\/schema\/logo\/image\/"},"sameAs":["https:\/\/www.facebook.com\/portal.encontrospet\/?fref=ts","https:\/\/www.instagram.com\/encontrospet\/"]},{"@type":"Person","@id":"https:\/\/www.encontrospet.com.br\/blog\/#\/schema\/person\/d1535cbf1cb412a0189f13743e924be4","name":"Daniel Barbosa","image":{"@type":"ImageObject","inLanguage":"pt-BR","@id":"https:\/\/www.encontrospet.com.br\/blog\/#\/schema\/person\/image\/","url":"https:\/\/secure.gravatar.com\/avatar\/cc323e33e672f51e3d161d2bf02c91a4cc108a2dcfb7183406eefb31f9d5c7f4?s=96&d=mm&r=g","contentUrl":"https:\/\/secure.gravatar.com\/avatar\/cc323e33e672f51e3d161d2bf02c91a4cc108a2dcfb7183406eefb31f9d5c7f4?s=96&d=mm&r=g","caption":"Daniel Barbosa"},"url":"https:\/\/www.encontrospet.com.br\/blog\/author\/daniel\/"}]}},"_links":{"self":[{"href":"https:\/\/www.encontrospet.com.br\/blog\/wp-json\/wp\/v2\/posts\/2597","targetHints":{"allow":["GET"]}}],"collection":[{"href":"https:\/\/www.encontrospet.com.br\/blog\/wp-json\/wp\/v2\/posts"}],"about":[{"href":"https:\/\/www.encontrospet.com.br\/blog\/wp-json\/wp\/v2\/types\/post"}],"author":[{"embeddable":true,"href":"https:\/\/www.encontrospet.com.br\/blog\/wp-json\/wp\/v2\/users\/2"}],"replies":[{"embeddable":true,"href":"https:\/\/www.encontrospet.com.br\/blog\/wp-json\/wp\/v2\/comments?post=2597"}],"version-history":[{"count":0,"href":"https:\/\/www.encontrospet.com.br\/blog\/wp-json\/wp\/v2\/posts\/2597\/revisions"}],"wp:featuredmedia":[{"embeddable":true,"href":"https:\/\/www.encontrospet.com.br\/blog\/wp-json\/"}],"wp:attachment":[{"href":"https:\/\/www.encontrospet.com.br\/blog\/wp-json\/wp\/v2\/media?parent=2597"}],"wp:term":[{"taxonomy":"category","embeddable":true,"href":"https:\/\/www.encontrospet.com.br\/blog\/wp-json\/wp\/v2\/categories?post=2597"},{"taxonomy":"post_tag","embeddable":true,"href":"https:\/\/www.encontrospet.com.br\/blog\/wp-json\/wp\/v2\/tags?post=2597"}],"curies":[{"name":"wp","href":"https:\/\/api.w.org\/{rel}","templated":true}]}}